{"id":6679,"date":"2024-07-20T00:01:00","date_gmt":"2024-07-20T00:01:00","guid":{"rendered":"https:\/\/www.spaziointeriore.com\/casaeditrice\/?p=6679"},"modified":"2024-09-17T07:09:50","modified_gmt":"2024-09-17T07:09:50","slug":"un-enneagramma-della-societa","status":"publish","type":"post","link":"https:\/\/www.spaziointeriore.com\/casaeditrice\/un-enneagramma-della-societa\/","title":{"rendered":"UN ENNEAGRAMMA DELLA SOCIET\u00c0"},"content":{"rendered":"\n<h4 class=\"has-text-color\" style=\"color:#1a75bb\">UN ENNEAGRAMMA DELLA SOCIET\u00c0<\/h4>\n\n\n\n<h5>di Claudio Naranjo<\/h5>\n<h6>Pubblicato sul blog il 20\/07\/2024<\/h6>\n\n\n\n<p>Ho aggiunto al titolo di questo libro l\u2019espressione \u201cmali del mondo\u201d \u2013 e non \u201cpatologie sociali\u201d \u2013 perch\u00e9 preferisco l\u2019espressione popolare a quella accademica. Per i miei scopi, il linguaggio ordinario in questo caso ha una virt\u00f9 che non condivide con il linguaggio tecnico: la parola <em>male <\/em>pu\u00f2 evocare soprattutto il significato di malattia, ma non \u00e8 priva di significato morale.<\/p>\n\n\n\n<p>Chiamare malattia la disfunzione sociale significa sviluppare una visione della societ\u00e0 come organismo molto tipica della moderna formulazione della scienza dei sistemi. Come, in generale, sistemi di vario livello si riflettono nelle loro funzioni e nei loro elementi costitutivi, cos\u00ec si pu\u00f2 pensare che alle patologie individuali ne corrispondano altre sociali, e che ai \u201cvizi capitali\u201d dell\u2019individuo corrispondano certi mali fondamentali di quell\u2019organismo che \u00e8 la nostra specie sulla Terra. E se a livello individuale la malattia mentale pu\u00f2 essere definita come una condizione di impedimento nel realizzare ci\u00f2 che \u00e8 nelle potenzialit\u00e0 della persona, possiamo pensare che anche i mali fondamentali del mondo siano fenomeni sociali che costituiscono forme basilari di interferenza con il potenziale dell\u2019umanit\u00e0.<\/p>\n\n\n\n<p><\/p>\n\n\n\n<p><\/p>\n\n\n\n<div class=\"wp-block-group\"><div class=\"wp-block-group__inner-container is-layout-flow wp-block-group-is-layout-flow\">\n<div class=\"wp-block-columns is-layout-flex wp-container-core-columns-is-layout-9d6595d7 wp-block-columns-is-layout-flex\">\n<div class=\"wp-block-column is-layout-flow wp-block-column-is-layout-flow\" style=\"flex-basis:15%\"><\/div>\n\n\n\n<div class=\"wp-block-column is-layout-flow wp-block-column-is-layout-flow\" style=\"flex-basis:70%\">\n<figure class=\"wp-block-embed is-type-video is-provider-youtube wp-block-embed-youtube wp-embed-aspect-16-9 wp-has-aspect-ratio\"><div class=\"wp-block-embed__wrapper\">\n<iframe title=\"L\u2019ENNEAGRAMMA DELLA SOCIET\u00c0 di Claudio Naranjo - Presentazione a Napoli Citt\u00e0 Libro 2024\" width=\"1170\" height=\"658\" src=\"https:\/\/www.youtube.com\/embed\/UO4WpwXJ3hM?feature=oembed\" frameborder=\"0\" allow=\"accelerometer; autoplay; clipboard-write; encrypted-media; gyroscope; picture-in-picture; web-share\" referrerpolicy=\"strict-origin-when-cross-origin\" allowfullscreen><\/iframe>\n<\/div><\/figure>\n<\/div>\n\n\n\n<div class=\"wp-block-column is-layout-flow wp-block-column-is-layout-flow\" style=\"flex-basis:15%\"><\/div>\n<\/div>\n<\/div><\/div>\n\n\n\n<p><\/p>\n\n\n\n<p><\/p>\n\n\n\n<p>Pi\u00f9 di ottomila problemi umani sono stati inventariati nella <em>Encyclopaedia of World Problems and Human Potential<\/em>&nbsp;(Edito dalla Union of International Associations nel 1986).<\/p>\n\n\n\n<p>Tra questi diversi problemi, gli attuali futurologi cercano un nucleo centrale, nel tentativo di discernere un metaproblema: una problematica unitaria dietro le sue molteplici e interconnesse manifestazioni. Tra questi due livelli \u2013 quello dei mille problemi specifici e quello di un problema centrale \u2013 si colloca il livello di analisi proposto in queste pagine, che ci invita a considerare l\u2019esistenza di nove aberrazioni capitali o basilari della societ\u00e0 attraverso la sua vita <em>civilizzata<\/em>.<\/p>\n\n\n\n<p><\/p>\n\n\n\n<p><\/p>\n\n\n\n<div class=\"wp-block-columns is-layout-flex wp-container-core-columns-is-layout-9d6595d7 wp-block-columns-is-layout-flex\">\n<div class=\"wp-block-column is-layout-flow wp-block-column-is-layout-flow\" style=\"flex-basis:15%\"><\/div>\n\n\n\n<div class=\"wp-block-column is-layout-flow wp-block-column-is-layout-flow\" style=\"flex-basis:70%\">\n<figure class=\"wp-block-embed is-type-video is-provider-youtube wp-block-embed-youtube wp-embed-aspect-16-9 wp-has-aspect-ratio\"><div class=\"wp-block-embed__wrapper\">\n<iframe title=\"L&#039;ENNEAGRAMMA DELLA SOCIET\u00c0 di Claudio Naranjo - Spazio Interiore Live LIBRI\" width=\"1170\" height=\"658\" src=\"https:\/\/www.youtube.com\/embed\/MMtgq1SmZi0?feature=oembed\" frameborder=\"0\" allow=\"accelerometer; autoplay; clipboard-write; encrypted-media; gyroscope; picture-in-picture; web-share\" referrerpolicy=\"strict-origin-when-cross-origin\" allowfullscreen><\/iframe>\n<\/div><\/figure>\n\n\n\n<p><\/p>\n<\/div>\n\n\n\n<div class=\"wp-block-column is-layout-flow wp-block-column-is-layout-flow\" style=\"flex-basis:15%\"><\/div>\n<\/div>\n\n\n\n<p><\/p>\n\n\n\n<p>\u00c8 ovvio che si possono trovare risonanze tra processi e istituzioni collettive e processi psicologici a livello individuale; tanto da far s\u00ec che la specialita\u0300 degli studi su \u201ccultura e personalit\u00e0\u201d sia stata in certi momenti popolare. A essa appartiene la formulazione che spiegher\u00f2 pi\u00f9 avanti sulle aberrazioni sociali alla luce degli enneatipi. I sociologi hanno protestato contro le interpretazioni psicologiste che propongono cause individuali per il sociale senza prestare sufficiente attenzione ai fattori causali sociali nella psiche dell\u2019individuo. Ovviamente esiste un rapporto circolare tra i diversi livelli di organizzazione, in una gerarchia che va dall\u2019elementare al complesso. Al di l\u00e0 di tutto ci\u00f2, \u00e8 evidente anche l\u2019isomorfismo o parallelismo tra gli schemi che si possono riconoscere nell\u2019uno e nell\u2019altro livello, cos\u00ec che possiamo intuitivamente comprendere la rilevanza delle varie esperienze di <em>cattivo amore <\/em>rispetto ai metaproblemi sociali. Con la formulazione di questi metaproblemi, nelle pagine seguenti svilupperemo quello che potrebbe essere chiamato l\u2019Enneagramma della societ\u00e0.<\/p>\n\n\n\n<p><\/p>\n\n\n\n<iframe src=\"https:\/\/widget.spreaker.com\/player?episode_id=60158067&amp;theme=dark&amp;chapters-image=true\" width=\"100%\" style=\"height:200px!important;\" frameborder=\"0\"><\/iframe>\n\n\n\n<div class=\"wp-block-group\"><div class=\"wp-block-group__inner-container is-layout-flow wp-block-group-is-layout-flow\">\n<div class=\"wp-block-media-text is-stacked-on-mobile is-vertically-aligned-center has-background gp-blog-img-box-2\" style=\"grid-template-columns:15% auto\"><figure class=\"wp-block-media-text__media\"><a href=\"https:\/\/spazionagual.it\/naranjo\/4948-lenneagramma-della-societa-claudio-naranjo.html\" target=\"_blank\" rel=\"noopener noreferrer\"><img decoding=\"async\" width=\"729\" height=\"1024\" data-src=\"https:\/\/www.spaziointeriore.com\/casaeditrice\/wp-content\/uploads\/2024\/07\/l-enneagramma-della-societa-1-729x1024.webp\" alt=\"\" class=\"wp-image-6680 size-full lazyload\" data-srcset=\"https:\/\/www.spaziointeriore.com\/casaeditrice\/wp-content\/uploads\/2024\/07\/l-enneagramma-della-societa-1-729x1024.webp 729w, https:\/\/www.spaziointeriore.com\/casaeditrice\/wp-content\/uploads\/2024\/07\/l-enneagramma-della-societa-1-213x300.webp 213w, https:\/\/www.spaziointeriore.com\/casaeditrice\/wp-content\/uploads\/2024\/07\/l-enneagramma-della-societa-1-768x1079.webp 768w, https:\/\/www.spaziointeriore.com\/casaeditrice\/wp-content\/uploads\/2024\/07\/l-enneagramma-della-societa-1-648x911.webp 648w, https:\/\/www.spaziointeriore.com\/casaeditrice\/wp-content\/uploads\/2024\/07\/l-enneagramma-della-societa-1.webp 942w\" data-sizes=\"(max-width: 729px) 100vw, 729px\" src=\"data:image\/svg+xml;base64,PHN2ZyB3aWR0aD0iMSIgaGVpZ2h0PSIxIiB4bWxucz0iaHR0cDovL3d3dy53My5vcmcvMjAwMC9zdmciPjwvc3ZnPg==\" style=\"--smush-placeholder-width: 729px; --smush-placeholder-aspect-ratio: 729\/1024;\" \/><\/a><\/figure><div class=\"wp-block-media-text__content\">\n<p class=\"has-very-dark-gray-color has-text-color has-background\" style=\"background-color:#ffffff;font-size:24px\">Tratto da L&#8217;ENNEAGRAMMA DELLA SOCIET\u00c0 di Claudio Naranjo, edito da Spazio Interiore nel 2024. Lo puoi acquistare <a href=\"https:\/\/spazionagual.it\/naranjo\/4948-lenneagramma-della-societa-claudio-naranjo.html\" target=\"_blank\" rel=\"noreferrer noopener\"><span style=\"color:#1a75bb;\">QUI<\/span>.<\/a><\/p>\n<\/div><\/div>\n<\/div><\/div>\n\n\n\n<div class=\"nlblog\"><h4>Iscriviti alla newsletter<\/h4>\n<!-- Newsletter for WordPress v4.5.12 - https:\/\/github.com\/mailrouter\/Newsletter-for-Wordpress\/ --><form id=\"nl4wp-form-1\" class=\"nl4wp-form nl4wp-form-2443\" method=\"post\" data-id=\"2443\" data-name=\"Iscriviti alla Newsletter\" ><div class=\"nl4wp-form-fields\"><div class=\"gpnlfields\">\r\n  \r\n<p>\r\n\t<label class=\"nlemaillabel\">Indirizzo email: <\/label>\r\n\t<input type=\"email\" name=\"EMAIL\" placeholder=\"Tuo indirizzo email\" class=\"nlemail\" required \/>\r\n<\/p>\r\n<p>\r\n    <label>SELEZIONA LE NEWSLETTER CHE DESIDERI RICEVERE<\/label>\r\n<\/p>\r\n<div class=\"gp-nl\">\r\n\r\n<p>\r\n    <label>\r\n        <input name=\"INTERESTS[1][]\" type=\"checkbox\" value=\"zy3v7\" checked=\"true\"> <span>EDIZIONI SPAZIO INTERIORE<\/span>\r\n    <\/label>\r\n<\/p>\r\n\r\n<p>\r\n  <label>\r\n        <input name=\"INTERESTS[1][]\" type=\"checkbox\" value=\"q3j5g\" checked=\"true\"> <span>SPAZIO NAGUAL (Bookstore di Spazio Interiore)<\/span>\r\n    <\/label>\r\n<\/p>\r\n  <\/div>\r\n<div class=\"gp-privacy\">\r\n  \r\n\r\n<p>\r\n    <label>\r\n      <input name=\"PROFILE_NEWSLETTER[]\" type=\"checkbox\" value=\"newsletter\" required> <span id=\"infpriv\">\r\n      Acconsento al trattamento dei miei dati cos\u00ec come definito nell'<a href=\"https:\/\/spaziointeriore.com\/casaeditrice\/privacy-policy\/\" target=\"_BLANK\">informativa sulla privacy<\/a> di cui dichiaro di aver preso visione<\/span>\r\n    <\/label>\r\n<\/p>\r\n\r\n  <\/div>\r\n<\/div>\r\n\r\n<p>\r\n\t<input type=\"submit\" class=\"gpsubmit\" value=\"Registrazione\" \/>\r\n<\/p><\/div><label style=\"display: none !important;\">Lascia questo campo vuoto se sei umano: <input type=\"text\" name=\"_nl4wp_honeypot\" value=\"\" tabindex=\"-1\" autocomplete=\"off\" \/><\/label><input type=\"hidden\" name=\"_nl4wp_timestamp\" value=\"1777447816\" \/><input type=\"hidden\" name=\"_nl4wp_form_id\" value=\"2443\" \/><input type=\"hidden\" name=\"_nl4wp_form_element_id\" value=\"nl4wp-form-1\" \/><div class=\"nl4wp-response\"><\/div><\/form><!-- \/ Newsletter for WordPress Plugin --><\/div>\n\n\n\n<p><\/p>\n","protected":false},"excerpt":{"rendered":"<p>di Claudio Naranjo<\/p>\n<p>Ho aggiunto al titolo di questo libro l\u2019espressione \u201cmali del mondo\u201d \u2013 e non \u201cpatologie sociali\u201d \u2013 perch\u00e9 preferisco l\u2019espressione popolare a quella accademica. Per i miei scopi, il linguaggio ordinario in questo caso ha una virt\u00f9 che non condivide con il linguaggio tecnico: la parola male pu\u00f2 evocare soprattutto il significato di malattia, ma non \u00e8 priva di significato morale.<\/p>\n<p>Chiamare malattia la disfunzione sociale significa sviluppare una visione della societ\u00e0 come organismo molto tipica della moderna formulazione della scienza dei sistemi. Come, in generale, sistemi di vario livello si riflettono nelle loro funzioni e nei loro elementi costitutivi, cos\u00ec si pu\u00f2 pensare che alle patologie individuali ne corrispondano altre sociali, e che ai \u201cvizi capitali\u201d dell\u2019individuo corrispondano certi mali fondamentali di quell\u2019organismo che \u00e8 la nostra specie sulla Terra.<\/p>\n","protected":false},"author":1,"featured_media":6779,"comment_status":"closed","ping_status":"closed","sticky":false,"template":"","format":"standard","meta":{"_acf_changed":false,"footnotes":""},"categories":[239],"tags":[],"class_list":["post-6679","post","type-post","status-publish","format-standard","has-post-thumbnail","hentry","category-blog"],"acf":[],"_links":{"self":[{"href":"https:\/\/www.spaziointeriore.com\/casaeditrice\/wp-json\/wp\/v2\/posts\/6679","targetHints":{"allow":["GET"]}}],"collection":[{"href":"https:\/\/www.spaziointeriore.com\/casaeditrice\/wp-json\/wp\/v2\/posts"}],"about":[{"href":"https:\/\/www.spaziointeriore.com\/casaeditrice\/wp-json\/wp\/v2\/types\/post"}],"author":[{"embeddable":true,"href":"https:\/\/www.spaziointeriore.com\/casaeditrice\/wp-json\/wp\/v2\/users\/1"}],"replies":[{"embeddable":true,"href":"https:\/\/www.spaziointeriore.com\/casaeditrice\/wp-json\/wp\/v2\/comments?post=6679"}],"version-history":[{"count":0,"href":"https:\/\/www.spaziointeriore.com\/casaeditrice\/wp-json\/wp\/v2\/posts\/6679\/revisions"}],"wp:featuredmedia":[{"embeddable":true,"href":"https:\/\/www.spaziointeriore.com\/casaeditrice\/wp-json\/wp\/v2\/media\/6779"}],"wp:attachment":[{"href":"https:\/\/www.spaziointeriore.com\/casaeditrice\/wp-json\/wp\/v2\/media?parent=6679"}],"wp:term":[{"taxonomy":"category","embeddable":true,"href":"https:\/\/www.spaziointeriore.com\/casaeditrice\/wp-json\/wp\/v2\/categories?post=6679"},{"taxonomy":"post_tag","embeddable":true,"href":"https:\/\/www.spaziointeriore.com\/casaeditrice\/wp-json\/wp\/v2\/tags?post=6679"}],"curies":[{"name":"wp","href":"https:\/\/api.w.org\/{rel}","templated":true}]}}