{"id":6819,"date":"2024-10-05T03:00:00","date_gmt":"2024-10-05T03:00:00","guid":{"rendered":"https:\/\/www.spaziointeriore.com\/casaeditrice\/?p=6819"},"modified":"2025-01-14T08:58:52","modified_gmt":"2025-01-14T08:58:52","slug":"il-significato-occulto-delle-mani-giunte-in-preghiera","status":"publish","type":"post","link":"https:\/\/www.spaziointeriore.com\/casaeditrice\/il-significato-occulto-delle-mani-giunte-in-preghiera\/","title":{"rendered":"IL SIGNIFICATO OCCULTO DELLE MANI GIUNTE IN PREGHIERA"},"content":{"rendered":"\n<h4 class=\"has-text-color\" style=\"color:#1a75bb\">IL SIGNIFICATO OCCULTO DELLE MANI GIUNTE IN PREGHIERA<\/h4>\n\n\n\n<h5>di Stefano Mayorca<\/h5>\n<h6>Pubblicato sul blog il 5\/10\/2024<\/h6>\n\n\n\n<p class=\"has-text-align-left\">Quando l&#8217;iniziato avr\u00e0 dominato la sua mente e forgiato il suo animo temprandolo, ci\u00f2 che penser\u00e0 internamente corrisponder\u00e0 a quanto appare esteriormente. L&#8217;immagine interiore si manifester\u00e0 al di fuori originando in tal modo il ricongiungimento delle due met\u00e0, quella maschile (solare-attiva) e quella femminea (lunare-passiva), il Basso e l&#8217;Alto, che ritroviamo nella famosissima Tavola Smaragdina o Tavola di Smeraldo pi\u00f9 volte citata.<br>La Tavola era costituita da uno splendido smeraldo sul quale erano incise le sette leggi che racchiudevano tutti i segreti del mondo e della sua creazione. Tra queste la legge dell&#8217;analogia da noi gi\u00e0 espressa, la quale affermava:<\/p>\n\n\n\n<p class=\"has-text-align-center\"><em>\u00abQuod est inferius, est sicut quod est superius, et quod est superius est sicut quod est inferius, ad perpetuando miracula Dei unius\u00bb<\/em><\/p>\n\n\n\n<p class=\"has-text-align-center\"><em>\u00abCi\u00f2 che \u00e8 in Basso \u00e8 come ci\u00f2 che \u00e8 in Alto e ci\u00f2 che \u00e8 in Alto \u00e8 come ci\u00f2 che \u00e8 in Basso, per perpetuare i miracoli dell&#8217;unico Dio\u00bb<\/em><\/p>\n\n\n\n<p>In altre versioni troviamo scritto nel finale: \u00ab\u2026per creare il miracolo della Cosa Unica\u00bb.<\/p>\n\n\n\n<p>Ecco, l&#8217;unione degli opposti si \u00e8 realizzata. Il simbolo di questa sacra unione \u00e8 raffigurato dalle mani giunte delle quali si \u00e8 appropriata l&#8217;iconografia religiosa. In realt\u00e0 questa simbolica \u00e8 molto pi\u00f9 antica. La mano sinistra (parte femminea) si unisce alla mano destra (parte maschile) e indica la concretizzazione dello stato androginico, la creazione del Rebis alchimico. Adesso l&#8217;uomo e la donna non esistono pi\u00f9, al loro posto \u00e8 nato un essere unico: l&#8217;Androgino. La posizione delle mani, in atto di preghiera, simboleggia anche l&#8217;unione con l&#8217;Assoluto, con il Tutto, l&#8217;interazione con il Microcosmo e il Macrocosmo con l&#8217;anima e il corpo.<\/p>\n\n\n\n<p><\/p>\n\n\n\n<div class=\"wp-block-group\"><div class=\"wp-block-group__inner-container is-layout-flow wp-block-group-is-layout-flow\">\n<div class=\"wp-block-columns is-layout-flex wp-container-core-columns-is-layout-9d6595d7 wp-block-columns-is-layout-flex\">\n<div class=\"wp-block-column is-layout-flow wp-block-column-is-layout-flow\" style=\"flex-basis:15%\"><\/div>\n\n\n\n<div class=\"wp-block-column is-layout-flow wp-block-column-is-layout-flow\" style=\"flex-basis:70%\">\n<figure class=\"wp-block-embed is-type-video is-provider-youtube wp-block-embed-youtube wp-embed-aspect-16-9 wp-has-aspect-ratio\"><div class=\"wp-block-embed__wrapper\">\n<iframe title=\"Arte ed Ermetismo con Stefano Mayorca - Conferenza\" width=\"1170\" height=\"658\" src=\"https:\/\/www.youtube.com\/embed\/xelpkzMoYLA?feature=oembed\" frameborder=\"0\" allow=\"accelerometer; autoplay; clipboard-write; encrypted-media; gyroscope; picture-in-picture; web-share\" referrerpolicy=\"strict-origin-when-cross-origin\" allowfullscreen><\/iframe>\n<\/div><\/figure>\n<\/div>\n\n\n\n<div class=\"wp-block-column is-layout-flow wp-block-column-is-layout-flow\" style=\"flex-basis:15%\"><\/div>\n<\/div>\n<\/div><\/div>\n\n\n\n<p><\/p>\n\n\n\n<p><\/p>\n\n\n\n<iframe src=\"https:\/\/widget.spreaker.com\/player?episode_id=48873881&amp;theme=dark&amp;chapters-image=true\" width=\"100%\" style=\"height:200px!important;\" frameborder=\"0\"><\/iframe>\n\n\n\n<p><\/p>\n\n\n\n<p><\/p>\n\n\n\n<div class=\"wp-block-group\"><div class=\"wp-block-group__inner-container is-layout-flow wp-block-group-is-layout-flow\">\n<div class=\"wp-block-media-text is-stacked-on-mobile is-vertically-aligned-center has-background gp-blog-img-box-2\" style=\"grid-template-columns:15% auto\"><figure class=\"wp-block-media-text__media\"><a href=\"https:\/\/spazionagual.it\/esoterika\/64-la-scienza-dell-hermes-stefano-mayorca-9788897864776.html\" target=\"_blank\" rel=\"noopener noreferrer\"><img decoding=\"async\" width=\"600\" height=\"851\" data-src=\"https:\/\/www.spaziointeriore.com\/casaeditrice\/wp-content\/uploads\/2024\/10\/la-scienza-dell-hermes.jpg\" alt=\"\" class=\"wp-image-6820 size-full lazyload\" data-srcset=\"https:\/\/www.spaziointeriore.com\/casaeditrice\/wp-content\/uploads\/2024\/10\/la-scienza-dell-hermes.jpg 600w, https:\/\/www.spaziointeriore.com\/casaeditrice\/wp-content\/uploads\/2024\/10\/la-scienza-dell-hermes-212x300.jpg 212w\" data-sizes=\"(max-width: 600px) 100vw, 600px\" src=\"data:image\/svg+xml;base64,PHN2ZyB3aWR0aD0iMSIgaGVpZ2h0PSIxIiB4bWxucz0iaHR0cDovL3d3dy53My5vcmcvMjAwMC9zdmciPjwvc3ZnPg==\" style=\"--smush-placeholder-width: 600px; --smush-placeholder-aspect-ratio: 600\/851;\" \/><\/a><\/figure><div class=\"wp-block-media-text__content\">\n<p class=\"has-very-dark-gray-color has-text-color has-background\" style=\"background-color:#ffffff;font-size:24px\">L\u2019articolo che hai appena letto \u00e8 un capitolo del libro LA SCIENZA DELL&#8217;HERMES di Stefano Mayorca, edito da Spazio Interiore nel 2015. Lo puoi acquistare <a href=\"https:\/\/spazionagual.it\/esoterika\/64-la-scienza-dell-hermes-stefano-mayorca-9788897864776.html\" target=\"_blank\" rel=\"noreferrer noopener\"><span style=\"color:#1a75bb;\">QUI<\/span>.<\/a><\/p>\n<\/div><\/div>\n<\/div><\/div>\n\n\n\n<div class=\"nlblog\"><h4>Iscriviti alla newsletter<\/h4>\n<!-- Newsletter for WordPress v4.5.12 - https:\/\/github.com\/mailrouter\/Newsletter-for-Wordpress\/ --><form id=\"nl4wp-form-1\" class=\"nl4wp-form nl4wp-form-2443\" method=\"post\" data-id=\"2443\" data-name=\"Iscriviti alla Newsletter\" ><div class=\"nl4wp-form-fields\"><div class=\"gpnlfields\">\r\n  \r\n<p>\r\n\t<label class=\"nlemaillabel\">Indirizzo email: <\/label>\r\n\t<input type=\"email\" name=\"EMAIL\" placeholder=\"Tuo indirizzo email\" class=\"nlemail\" required \/>\r\n<\/p>\r\n<p>\r\n    <label>SELEZIONA LE NEWSLETTER CHE DESIDERI RICEVERE<\/label>\r\n<\/p>\r\n<div class=\"gp-nl\">\r\n\r\n<p>\r\n    <label>\r\n        <input name=\"INTERESTS[1][]\" type=\"checkbox\" value=\"zy3v7\" checked=\"true\"> <span>EDIZIONI SPAZIO INTERIORE<\/span>\r\n    <\/label>\r\n<\/p>\r\n\r\n<p>\r\n  <label>\r\n        <input name=\"INTERESTS[1][]\" type=\"checkbox\" value=\"q3j5g\" checked=\"true\"> <span>SPAZIO NAGUAL (Bookstore di Spazio Interiore)<\/span>\r\n    <\/label>\r\n<\/p>\r\n  <\/div>\r\n<div class=\"gp-privacy\">\r\n  \r\n\r\n<p>\r\n    <label>\r\n      <input name=\"PROFILE_NEWSLETTER[]\" type=\"checkbox\" value=\"newsletter\" required> <span id=\"infpriv\">\r\n      Acconsento al trattamento dei miei dati cos\u00ec come definito nell'<a href=\"https:\/\/spaziointeriore.com\/casaeditrice\/privacy-policy\/\" target=\"_BLANK\">informativa sulla privacy<\/a> di cui dichiaro di aver preso visione<\/span>\r\n    <\/label>\r\n<\/p>\r\n\r\n  <\/div>\r\n<\/div>\r\n\r\n<p>\r\n\t<input type=\"submit\" class=\"gpsubmit\" value=\"Registrazione\" \/>\r\n<\/p><\/div><label style=\"display: none !important;\">Lascia questo campo vuoto se sei umano: <input type=\"text\" name=\"_nl4wp_honeypot\" value=\"\" tabindex=\"-1\" autocomplete=\"off\" \/><\/label><input type=\"hidden\" name=\"_nl4wp_timestamp\" value=\"1777538783\" \/><input type=\"hidden\" name=\"_nl4wp_form_id\" value=\"2443\" \/><input type=\"hidden\" name=\"_nl4wp_form_element_id\" value=\"nl4wp-form-1\" \/><div class=\"nl4wp-response\"><\/div><\/form><!-- \/ Newsletter for WordPress Plugin --><\/div>\n\n\n\n<p><\/p>\n","protected":false},"excerpt":{"rendered":"<p>di Stefano Mayorca<\/p>\n<p>Quando l&#8217;iniziato avr\u00e0 dominato la sua mente e forgiato il suo animo temprandolo, ci\u00f2 che penser\u00e0 internamente corrisponder\u00e0 a quanto appare esteriormente. L&#8217;immagine interiore si manifester\u00e0 al di fuori originando in tal modo il ricongiungimento delle due met\u00e0, quella maschile (solare-attiva) e quella femminea (lunare-passiva), il Basso e l&#8217;Alto, che ritroviamo nella famosissima Tavola Smaragdina o Tavola di Smeraldo pi\u00f9 volte citata.<br \/>\nLa Tavola era costituita da uno splendido smeraldo sul quale erano incise le sette leggi che racchiudevano tutti i segreti del mondo e della sua creazione. Tra queste la legge dell&#8217;analogia da noi gi\u00e0 espressa, la quale affermava:<\/p>\n<p>\u00abQuod est inferius, est sicut quod est superius, et quod est superius est sicut quod est inferius, ad perpetuando miracula Dei unius\u00bb<\/p>\n","protected":false},"author":1,"featured_media":7037,"comment_status":"closed","ping_status":"closed","sticky":false,"template":"","format":"standard","meta":{"_acf_changed":false,"footnotes":""},"categories":[239],"tags":[],"class_list":["post-6819","post","type-post","status-publish","format-standard","has-post-thumbnail","hentry","category-blog"],"acf":[],"_links":{"self":[{"href":"https:\/\/www.spaziointeriore.com\/casaeditrice\/wp-json\/wp\/v2\/posts\/6819","targetHints":{"allow":["GET"]}}],"collection":[{"href":"https:\/\/www.spaziointeriore.com\/casaeditrice\/wp-json\/wp\/v2\/posts"}],"about":[{"href":"https:\/\/www.spaziointeriore.com\/casaeditrice\/wp-json\/wp\/v2\/types\/post"}],"author":[{"embeddable":true,"href":"https:\/\/www.spaziointeriore.com\/casaeditrice\/wp-json\/wp\/v2\/users\/1"}],"replies":[{"embeddable":true,"href":"https:\/\/www.spaziointeriore.com\/casaeditrice\/wp-json\/wp\/v2\/comments?post=6819"}],"version-history":[{"count":1,"href":"https:\/\/www.spaziointeriore.com\/casaeditrice\/wp-json\/wp\/v2\/posts\/6819\/revisions"}],"predecessor-version":[{"id":7038,"href":"https:\/\/www.spaziointeriore.com\/casaeditrice\/wp-json\/wp\/v2\/posts\/6819\/revisions\/7038"}],"wp:featuredmedia":[{"embeddable":true,"href":"https:\/\/www.spaziointeriore.com\/casaeditrice\/wp-json\/wp\/v2\/media\/7037"}],"wp:attachment":[{"href":"https:\/\/www.spaziointeriore.com\/casaeditrice\/wp-json\/wp\/v2\/media?parent=6819"}],"wp:term":[{"taxonomy":"category","embeddable":true,"href":"https:\/\/www.spaziointeriore.com\/casaeditrice\/wp-json\/wp\/v2\/categories?post=6819"},{"taxonomy":"post_tag","embeddable":true,"href":"https:\/\/www.spaziointeriore.com\/casaeditrice\/wp-json\/wp\/v2\/tags?post=6819"}],"curies":[{"name":"wp","href":"https:\/\/api.w.org\/{rel}","templated":true}]}}