{"id":6863,"date":"2024-11-02T02:00:13","date_gmt":"2024-11-02T02:00:13","guid":{"rendered":"https:\/\/www.spaziointeriore.com\/casaeditrice\/?p=6863"},"modified":"2025-01-14T08:54:21","modified_gmt":"2025-01-14T08:54:21","slug":"antar-yatra-il-viaggio-interiore","status":"publish","type":"post","link":"https:\/\/www.spaziointeriore.com\/casaeditrice\/antar-yatra-il-viaggio-interiore\/","title":{"rendered":"ANTAR YATRA &#8211; IL VIAGGIO INTERIORE"},"content":{"rendered":"\n<h4 class=\"has-text-color\" style=\"color:#1a75bb\">ANTAR YATRA &#8211; IL VIAGGIO INTERIORE\n<\/h4>\n<h5><em>Istruzioni per l&#8217;uso<\/em><\/h5>\n\n\n\n<h5>\n<h5>di David Simurgh<\/h5>\n<h6>Pubblicato sul blog il 02\/11\/2024<\/h6>\n\n\n\n<p><em>Antar Yatra <\/em>non \u00e8 un semplice insieme di parole trascritte su carta, non \u00e8 un semplice libro, ti prego di non farti ingannare dalle sue apparenze.<br>&nbsp;Proprio per questo il migliore consiglio che io ti possa dare \u00e8 di non cercare di leggerlo, di non avventarti su di lui con volont\u00e0 di conquista, con tanta brama. Se ci proverai sappi che lo perderai, ne vedrai sgretolarsi subito la bellezza, \u00e8 cos\u00ec fragile che potrebbe dissolversi e volare via.<\/p>\n\n\n\n<p>No, attendi piuttosto qualche istante prima di andare avanti. Ovunque tu sia, fermati e siedi comodamente dove puoi, chiudi gli occhi lentamente e rilassati, non avere fretta. Lascia che i fantasmi delle tue giornate svaniscano a poco a poco mentre respiri in profondit\u00e0. Come davanti a ogni momento importante della tua vita: dovrai essere solo. Scava in profondit\u00e0 nella tua solitudine, sprofonda dentro di lei, dimentica ogni altro, assapora questo stato e, quando lo desideri, immergiti in questa semplice visualizzazione:<\/p>\n\n\n\n<div class=\"wp-block-columns is-layout-flex wp-container-core-columns-is-layout-9d6595d7 wp-block-columns-is-layout-flex\">\n<div class=\"wp-block-column is-layout-flow wp-block-column-is-layout-flow\" style=\"flex-basis:100%\">\n<div class=\"wp-block-group\"><div class=\"wp-block-group__inner-container is-layout-constrained wp-block-group-is-layout-constrained\">\n<div class=\"wp-block-columns is-layout-flex wp-container-core-columns-is-layout-9d6595d7 wp-block-columns-is-layout-flex\">\n<div class=\"wp-block-column is-layout-flow wp-block-column-is-layout-flow\" style=\"flex-basis:15%\">\n<p><\/p>\n<\/div>\n\n\n\n<div class=\"wp-block-column is-layout-flow wp-block-column-is-layout-flow\" style=\"flex-basis:66.66%\">\n<p><em>Sei scalzo, con i tuoi piedi che toccano la nuda e fredda piet<\/em><em>ra.<br>Indossi abiti lunghi e leggeri, dei colori con cui ti senti di pi\u00f9 a tuo agio.<br>Ti guardi intorno e, come per incanto, realizzi di trovarti nel grande atrio di un bellissimo tempio. Colonne levigate, intarsi di meravigliose figure e labirintiche forme.<\/em><\/p>\n\n\n\n<p><em>Invade le tue narici la fragranza dei <\/em><em>fumi di incenso, le permetti di riempirti i polmoni. Il pavimento \u00e8 cosparso di una moltitudine di variegate offerte floreali donate da chi \u00e8 giunto prima di te. Sorge come il Sole dentro il tuo petto una sincera gratitudine verso questo momento di Vita.<\/em><\/p>\n\n\n\n<p><em>Ti lasci cullare da questa attesa, inondare da questa atmosfera. Infine, quando senti di essere pronto: riapri gli occhi e prosegui oltre.<\/em><\/p>\n<\/div>\n<\/div>\n<\/div><\/div>\n<\/div>\n<\/div>\n\n\n\n<p>Perche\u0301 Antar Yatra e\u0300 una poesia, un mantra, una gioiosa celebrazione di un\u2019Esistenza permeata di Consapevolezza e Amore: devi essere pronto a entrarci nella tua presenza migliore. Le sue pagine profumano intimamente di Oriente, le sue parole abbracciano la mente, accarezzano lo spirito come quelle di un dolce canto, come quelle dei suoi meravigliosi e cari amici compositori.<br>In questo luogo ti ritroverai a meditare senza volerlo, a pregare senza saperlo, ad ascoltare e sorridere con tutto il cuore. Sara\u0300 per te come un pellegrinaggio spirituale verso mete interiori, forse dimenticate, ma mai perdute. Un capitolo danzera\u0300 dopo l\u2019altro, sempre accompagnato dai consigli, dai colori e dall\u2019energia delle stagioni naturali, dalla ciclicita\u0300 di una vita che ci accompagna prima a mettere salde radici nella calda oscurita\u0300 della terra e ci proietta poi a salire fino alle luminose infinite profondita\u0300 del cielo.<\/p>\n\n\n\n<p><\/p>\n\n\n\n<div class=\"wp-block-group\"><div class=\"wp-block-group__inner-container is-layout-flow wp-block-group-is-layout-flow\">\n<div class=\"wp-block-columns is-layout-flex wp-container-core-columns-is-layout-9d6595d7 wp-block-columns-is-layout-flex\">\n<div class=\"wp-block-column is-layout-flow wp-block-column-is-layout-flow\" style=\"flex-basis:15%\"><\/div>\n\n\n\n<div class=\"wp-block-column is-layout-flow wp-block-column-is-layout-flow\" style=\"flex-basis:70%\">\n<figure class=\"wp-block-embed is-type-video is-provider-youtube wp-block-embed-youtube wp-embed-aspect-16-9 wp-has-aspect-ratio\"><div class=\"wp-block-embed__wrapper\">\n<iframe title=\"Antar Yatra, il viaggio interiore: Sri Niwas e Padma Tripathi - Spazio Interiore\" width=\"1170\" height=\"658\" src=\"https:\/\/www.youtube.com\/embed\/1Nqw8ziNe5A?feature=oembed\" frameborder=\"0\" allow=\"accelerometer; autoplay; clipboard-write; encrypted-media; gyroscope; picture-in-picture; web-share\" referrerpolicy=\"strict-origin-when-cross-origin\" allowfullscreen><\/iframe>\n<\/div><\/figure>\n<\/div>\n\n\n\n<div class=\"wp-block-column is-layout-flow wp-block-column-is-layout-flow\" style=\"flex-basis:15%\"><\/div>\n<\/div>\n<\/div><\/div>\n\n\n\n<p><\/p>\n\n\n\n<p>Quello che hai tra le mani \u00e8 un ringraziamento ai Maestri del passato, a Siddharta, a Ges\u00f9, a Kabir e molti altri, ma \u00e8 soprattutto un\u2019invocazione del Maestro interiore, una chiamata alla sua guida silenziosa, perch\u00e9 sussurri al tuo orecchio la speranza di una piena realizzazione, l\u2019intensit\u00e0 bruciante di un\u2019autentica riconnessione con una prospettiva senza confini.<\/p>\n\n\n\n<p>Ed \u00e8 questo che dovrebbe sempre essere un cammino spirituale: un\u2019offerta di pace, di realizzazione, di comprensione. Dovrebbe essere un fenomeno totale per chi lo sceglie, ma pu\u00f2 essere questo solo quando l\u2019esempio di un Buddha, un Cristo, un Krishna o un Kabir vengono lasciati coraggiosamente entrare a risvegliare il nostro Io pi\u00f9 profondo. In questo viaggio scoprirai infatti che gli antichi Maestri e i testi sacri, che hanno lasciato traccia in un lontano passato e i cui insegnamenti pi\u00f9 importanti sono stati contrastati e deformati, stanno tornando per vivere dentro di te. Intraprenderai allora non solo un viaggio a ritroso nel tempo fino alle origini della nostra civilt\u00e0 umana, ma troverai anche parti di te in un cammino senza distanze e senza tempo nella dimensione della tua essenza.<\/p>\n\n\n\n<p>Perch\u00e9 chi realizza la piena connessione tramite tutto il suo essere partecipa a un\u2019esperienza totalmente diversa da chi la osserva e studia soltanto. La Verit\u00e0 deve sempre essere appresa direttamente, con un disvelamento profondo. La reale connessione con la Vita non pu\u00f2 avere tramite, soltanto specchi. D\u2019altronde, prova a verificarlo: quando sei davvero connesso con qualcuno, quando lo ami profondamente, noterai che \u00e8 scomparso e al suo posto ci sei tu, al suo posto si trova la Vita, si trova Dio. Se abbracci intensamente un albero, all\u2019improvviso vedrai che l\u2019albero \u00e8 scomparso e Dio sta sbocciando in esso come un fiore. La Verit\u00e0 ha bisogno di te, ed \u00e8 poi sempre Vita, \u00e8 sempre Tutto. Quanto \u00e8 importante riscoprire questo, quanto \u00e8 necessario ritrovarlo oggi.<\/p>\n\n\n\n<p><\/p>\n\n\n\n<div class=\"wp-block-columns is-layout-flex wp-container-core-columns-is-layout-9d6595d7 wp-block-columns-is-layout-flex\">\n<div class=\"wp-block-column is-layout-flow wp-block-column-is-layout-flow\" style=\"flex-basis:15%\"><\/div>\n\n\n\n<div class=\"wp-block-column is-layout-flow wp-block-column-is-layout-flow\" style=\"flex-basis:70%\">\n<figure class=\"wp-block-embed is-type-video is-provider-youtube wp-block-embed-youtube wp-embed-aspect-16-9 wp-has-aspect-ratio\"><div class=\"wp-block-embed__wrapper\">\n<iframe title=\"David Simurgh presenta IL VIAGGIO INTERIORE di Antar Yatra - Fiera della Piccola Editoria 2019\" width=\"1170\" height=\"658\" src=\"https:\/\/www.youtube.com\/embed\/1E6188AurtY?feature=oembed\" frameborder=\"0\" allow=\"accelerometer; autoplay; clipboard-write; encrypted-media; gyroscope; picture-in-picture; web-share\" referrerpolicy=\"strict-origin-when-cross-origin\" allowfullscreen><\/iframe>\n<\/div><\/figure>\n\n\n\n<p><\/p>\n<\/div>\n\n\n\n<div class=\"wp-block-column is-layout-flow wp-block-column-is-layout-flow\" style=\"flex-basis:15%\"><\/div>\n<\/div>\n\n\n\n<p><\/p>\n\n\n\n<p>In passato si \u00e8 detto che l\u2019Oriente \u00e8 stato la culla della spiritualit\u00e0 mentre l\u2019Occidente ne sarebbe stato la tomba. Ho sempre trovato questa affermazione illuminata e preziosa. In un tempo come il nostro in cui il mondo intero si interroga disorientato sul suo futuro, Oriente e Occidente si stanno toccando, fondendo, trasformando, e il viaggio di questa nostra Umanit\u00e0 dal loro incontro ne ricever\u00e0 doni e contraddizioni. Per il nostro Occidente tecnicamente agguerrito, competitivo e predatorio sar\u00e0 fondamentale reimparare la virt\u00f9 dell\u2019ascolto, dell\u2019accettazione dell\u2019altro, e soprattutto risanare la ferita che in qualche modo le nostre convinzioni ci hanno inferto attraverso la netta separazione tra anima e corpo, tra sangue e spirito, col senso del peccato. D\u2019altronde, se \u00e8 vero che sul nostro Pianeta sta avvenendo un \u201crisveglio\u201d spirituale collettivo che riguarda una piccola percentuale della popolazione totale, \u00e8 anche vero che la paura e la tensione individualista si stanno intensificando. Questo rischia di condurre il nostro popolo a una crescente follia collettiva, cheavrebbe come risultato separazione e scontri, violenza, la distruzione e la rapida scomparsa.<\/p>\n\n\n\n<p>Nostro, di coloro che sono incarnati oggi, \u00e8 allora il compito di fare di questo passaggio difficile una chiamata alla partecipazione, di questa morte annunciata una straordinaria occasione finale di trasformazione. Il nostro comune impegno dev\u2019essere quello di cercare una grande sintesi di Oriente e Occidente, della scienza e della mistica, di intelletto e intuizione, della parte maschile e di quella femminile, della testa e del cuore, della destra e della sinistra. Cercare, in qualche forma possibile, di creare una grande armonia, perch\u00e9 solo con questa riscoperta armonia \u00e8 possibile trovare la luce di una nuova beneaugurante nascita.<\/p>\n\n\n\n<p>Tutto questo si ritrova in <em>Antar Yatra<\/em>, in questo eterno invito alla discesa interiore.<\/p>\n\n\n\n<p>Da parte mia ho semplicemente cercato di prepararti prima di entrare, di accompagnarti fino a qui, alla sua soglia, di chiacchierare con te in attesa della tua venuta.<br>&nbsp;Ora, se ancora lo desideri, \u00e8 il momento di oltrepassare questo nostro atrio.<br>&nbsp;Muovi leggero il tuo passo, il tempio ti aspetta: laggi\u00f9 non troverai altro che te stesso.<\/p>\n\n\n\n<p>E ricorda: \u00abAnche il fiume pi\u00f9 stanco alla fine merita di tuffarsi nell\u2019Oceano\u00bb.<\/p>\n\n\n\n<p><\/p>\n\n\n\n<p><\/p>\n\n\n\n<iframe src=\"https:\/\/widget.spreaker.com\/player?episode_id=48660402&amp;theme=dark&amp;chapters-image=true\" width=\"100%\" style=\"height:200px!important;\" frameborder=\"0\"><\/iframe>\n\n\n\n<div class=\"wp-block-group\"><div class=\"wp-block-group__inner-container is-layout-flow wp-block-group-is-layout-flow\">\n<div class=\"wp-block-media-text is-stacked-on-mobile is-vertically-aligned-center has-background gp-blog-img-box-2\" style=\"grid-template-columns:15% auto\"><figure class=\"wp-block-media-text__media\"><a href=\"https:\/\/spazionagual.it\/edizioni-spazio-interiore\/2697-antar-yatra-padma-e-sri-niwas-tripathi-9788894906059.html\" target=\"_blank\" rel=\"noopener noreferrer\"><img decoding=\"async\" width=\"683\" height=\"1024\" data-src=\"https:\/\/www.spaziointeriore.com\/casaeditrice\/wp-content\/uploads\/2024\/10\/antar-yatra-683x1024.jpg\" alt=\"\" class=\"wp-image-6867 size-full lazyload\" data-srcset=\"https:\/\/www.spaziointeriore.com\/casaeditrice\/wp-content\/uploads\/2024\/10\/antar-yatra-683x1024.jpg 683w, https:\/\/www.spaziointeriore.com\/casaeditrice\/wp-content\/uploads\/2024\/10\/antar-yatra-200x300.jpg 200w, https:\/\/www.spaziointeriore.com\/casaeditrice\/wp-content\/uploads\/2024\/10\/antar-yatra-768x1151.jpg 768w, https:\/\/www.spaziointeriore.com\/casaeditrice\/wp-content\/uploads\/2024\/10\/antar-yatra-648x971.jpg 648w, https:\/\/www.spaziointeriore.com\/casaeditrice\/wp-content\/uploads\/2024\/10\/antar-yatra.jpg 800w\" data-sizes=\"(max-width: 683px) 100vw, 683px\" src=\"data:image\/svg+xml;base64,PHN2ZyB3aWR0aD0iMSIgaGVpZ2h0PSIxIiB4bWxucz0iaHR0cDovL3d3dy53My5vcmcvMjAwMC9zdmciPjwvc3ZnPg==\" style=\"--smush-placeholder-width: 683px; --smush-placeholder-aspect-ratio: 683\/1024;\" \/><\/a><\/figure><div class=\"wp-block-media-text__content\">\n<p class=\"has-very-dark-gray-color has-text-color has-background\" style=\"background-color:#ffffff;font-size:24px\">L\u2019articolo che hai appena letto \u00e8 la prefazione del libro ANTAR YATRA di Padma e Sri Niwas Tripathi, edito da Spazio Interiore nel 2019 Lo puoi acquistare <a href=\"https:\/\/spazionagual.it\/edizioni-spazio-interiore\/2697-antar-yatra-padma-e-sri-niwas-tripathi-9788894906059.html\" target=\"_blank\" rel=\"noreferrer noopener\"><span style=\"color:#1a75bb;\">QUI<\/span>.<\/a><\/p>\n<\/div><\/div>\n<\/div><\/div>\n\n\n\n<div class=\"nlblog\"><h4>Iscriviti alla newsletter<\/h4>\n<!-- Newsletter for WordPress v4.5.12 - https:\/\/github.com\/mailrouter\/Newsletter-for-Wordpress\/ --><form id=\"nl4wp-form-1\" class=\"nl4wp-form nl4wp-form-2443\" method=\"post\" data-id=\"2443\" data-name=\"Iscriviti alla Newsletter\" ><div class=\"nl4wp-form-fields\"><div class=\"gpnlfields\">\r\n  \r\n<p>\r\n\t<label class=\"nlemaillabel\">Indirizzo email: <\/label>\r\n\t<input type=\"email\" name=\"EMAIL\" placeholder=\"Tuo indirizzo email\" class=\"nlemail\" required \/>\r\n<\/p>\r\n<p>\r\n    <label>SELEZIONA LE NEWSLETTER CHE DESIDERI RICEVERE<\/label>\r\n<\/p>\r\n<div class=\"gp-nl\">\r\n\r\n<p>\r\n    <label>\r\n        <input name=\"INTERESTS[1][]\" type=\"checkbox\" value=\"zy3v7\" checked=\"true\"> <span>EDIZIONI SPAZIO INTERIORE<\/span>\r\n    <\/label>\r\n<\/p>\r\n\r\n<p>\r\n  <label>\r\n        <input name=\"INTERESTS[1][]\" type=\"checkbox\" value=\"q3j5g\" checked=\"true\"> <span>SPAZIO NAGUAL (Bookstore di Spazio Interiore)<\/span>\r\n    <\/label>\r\n<\/p>\r\n  <\/div>\r\n<div class=\"gp-privacy\">\r\n  \r\n\r\n<p>\r\n    <label>\r\n      <input name=\"PROFILE_NEWSLETTER[]\" type=\"checkbox\" value=\"newsletter\" required> <span id=\"infpriv\">\r\n      Acconsento al trattamento dei miei dati cos\u00ec come definito nell'<a href=\"https:\/\/spaziointeriore.com\/casaeditrice\/privacy-policy\/\" target=\"_BLANK\">informativa sulla privacy<\/a> di cui dichiaro di aver preso visione<\/span>\r\n    <\/label>\r\n<\/p>\r\n\r\n  <\/div>\r\n<\/div>\r\n\r\n<p>\r\n\t<input type=\"submit\" class=\"gpsubmit\" value=\"Registrazione\" \/>\r\n<\/p><\/div><label style=\"display: none !important;\">Lascia questo campo vuoto se sei umano: <input type=\"text\" name=\"_nl4wp_honeypot\" value=\"\" tabindex=\"-1\" autocomplete=\"off\" \/><\/label><input type=\"hidden\" name=\"_nl4wp_timestamp\" value=\"1777503574\" \/><input type=\"hidden\" name=\"_nl4wp_form_id\" value=\"2443\" \/><input type=\"hidden\" name=\"_nl4wp_form_element_id\" value=\"nl4wp-form-1\" \/><div class=\"nl4wp-response\"><\/div><\/form><!-- \/ Newsletter for WordPress Plugin --><\/div>\n\n\n\n<p><\/p>\n","protected":false},"excerpt":{"rendered":"<p><em>Istruzioni per l&#8217;uso<\/em><\/p>\n<p>di David Simurgh<\/p>\n<p>Antar Yatra non \u00e8 un semplice insieme di parole trascritte su carta, non \u00e8 un semplice libro, ti prego di non farti ingannare dalle sue apparenze.<br \/>\n\u00a0Proprio per questo il migliore consiglio che io ti possa dare \u00e8 di non cercare di leggerlo, di non avventarti su di lui con volont\u00e0 di conquista, con tanta brama. Se ci proverai sappi che lo perderai, ne vedrai sgretolarsi subito la bellezza, \u00e8 cos\u00ec fragile che potrebbe dissolversi e volare via.<\/p>\n<p>No, attendi piuttosto qualche istante prima di andare avanti. Ovunque tu sia, fermati e siedi comodamente dove puoi, chiudi gli occhi lentamente e rilassati, non avere fretta. Lascia che i fantasmi delle tue giornate svaniscano a poco a poco mentre respiri in profondit\u00e0. Come davanti a ogni momento importante della tua vita: dovrai essere solo.<\/p>\n","protected":false},"author":1,"featured_media":7033,"comment_status":"closed","ping_status":"closed","sticky":false,"template":"","format":"standard","meta":{"_acf_changed":false,"footnotes":""},"categories":[239],"tags":[],"class_list":["post-6863","post","type-post","status-publish","format-standard","has-post-thumbnail","hentry","category-blog"],"acf":[],"_links":{"self":[{"href":"https:\/\/www.spaziointeriore.com\/casaeditrice\/wp-json\/wp\/v2\/posts\/6863","targetHints":{"allow":["GET"]}}],"collection":[{"href":"https:\/\/www.spaziointeriore.com\/casaeditrice\/wp-json\/wp\/v2\/posts"}],"about":[{"href":"https:\/\/www.spaziointeriore.com\/casaeditrice\/wp-json\/wp\/v2\/types\/post"}],"author":[{"embeddable":true,"href":"https:\/\/www.spaziointeriore.com\/casaeditrice\/wp-json\/wp\/v2\/users\/1"}],"replies":[{"embeddable":true,"href":"https:\/\/www.spaziointeriore.com\/casaeditrice\/wp-json\/wp\/v2\/comments?post=6863"}],"version-history":[{"count":2,"href":"https:\/\/www.spaziointeriore.com\/casaeditrice\/wp-json\/wp\/v2\/posts\/6863\/revisions"}],"predecessor-version":[{"id":7219,"href":"https:\/\/www.spaziointeriore.com\/casaeditrice\/wp-json\/wp\/v2\/posts\/6863\/revisions\/7219"}],"wp:featuredmedia":[{"embeddable":true,"href":"https:\/\/www.spaziointeriore.com\/casaeditrice\/wp-json\/wp\/v2\/media\/7033"}],"wp:attachment":[{"href":"https:\/\/www.spaziointeriore.com\/casaeditrice\/wp-json\/wp\/v2\/media?parent=6863"}],"wp:term":[{"taxonomy":"category","embeddable":true,"href":"https:\/\/www.spaziointeriore.com\/casaeditrice\/wp-json\/wp\/v2\/categories?post=6863"},{"taxonomy":"post_tag","embeddable":true,"href":"https:\/\/www.spaziointeriore.com\/casaeditrice\/wp-json\/wp\/v2\/tags?post=6863"}],"curies":[{"name":"wp","href":"https:\/\/api.w.org\/{rel}","templated":true}]}}